{"id":1258,"date":"2009-07-26T01:25:14","date_gmt":"2009-07-25T23:25:14","guid":{"rendered":"http:\/\/www.bagn.no\/?p=1258"},"modified":"2013-11-24T21:52:20","modified_gmt":"2013-11-24T20:52:20","slug":"norway-cup-er-i-gang","status":"publish","type":"post","link":"https:\/\/bagn.no\/?p=1258","title":{"rendered":"Norway Cup er i gang!"},"content":{"rendered":"<p><img loading=\"lazy\" decoding=\"async\" class=\"alignleft size-medium wp-image-1260\" src=\"http:\/\/bagn.no\/wp-content\/uploads\/2009\/07\/norway-cup-avreise-red1-500x374.jpg\" alt=\"norway-cup-avreise-red1\" width=\"500\" height=\"374\" \/>L\u00f8rdag formiddag reiste delegasjonene fra Bagn IL til Oslo for \u00e5\u00a0\u00a0delta i Norway Cup.\u00a0 Sm\u00e5jente-laget var allerede p\u00e5 plass p\u00e5 Kampen skole da sm\u00e5guttlaget reiste.\u00a0 Her ser vi gutta ved avreise.\u00a0 De som skal kjempe for Bagns \u00e6re er Rune Aleksander, Ole Magnus, Morten, Andreas, Kjetil, Lars, Torjus, Jon Andre, Lars Erik, Joachim, Mathias, Johan, Morten, Edvart, Erland og Martin.\u00a0 Jarle stilte opp som sj\u00e5f\u00f8r.<!--more--><\/p>\n<p>L\u00f8rdag har g\u00e5tt med til innsjekking og &laquo;etablering&raquo; p\u00e5 Kampen Skole.\u00a0 P\u00e5 kvelden har det v\u00e6rt \u00e5pningsshow p\u00e5 Ekeberg med artister som Jaa9 &amp; onklP, Erik &amp; Kriss, diverse Idol-helter og Ironik.\u00a0 Utfra den korte tilbakemeldingen undertegnede har f\u00e5tt, har det v\u00e6rt en fin start p\u00e5 oppholdet og alle har det bra.<\/p>\n<p>S\u00f8ndag starter kampene, og sm\u00e5gutter skal i ilden allerede kl. 09.00 p\u00e5 Ekebergsletta (bane 9) mot Nesodden.\u00a0 Sm\u00e5jenter spiller mot Sogndal kl. 13, bane E17 p\u00e5 Ekeberg.\u00a0 Vi \u00f8nsker LYKKE TIL !!<\/p>\n","protected":false},"excerpt":{"rendered":"<p>L\u00f8rdag formiddag reiste delegasjonene fra Bagn IL til Oslo for \u00e5\u00a0\u00a0delta i Norway Cup.\u00a0 Sm\u00e5jente-laget var allerede p\u00e5 plass p\u00e5 Kampen skole da sm\u00e5guttlaget reiste.\u00a0 Her ser vi gutta ved avreise.\u00a0 De som skal kjempe for Bagns \u00e6re er Rune Aleksander, Ole Magnus, Morten, Andreas, Kjetil, Lars, Torjus, Jon Andre, Lars Erik, Joachim, Mathias, Johan, [&hellip;]<\/p>\n","protected":false},"author":3,"featured_media":0,"comment_status":"open","ping_status":"closed","sticky":false,"template":"","format":"standard","meta":{"footnotes":""},"categories":[67],"tags":[],"class_list":["post-1258","post","type-post","status-publish","format-standard","hentry","category-bagn-il"],"_links":{"self":[{"href":"https:\/\/bagn.no\/index.php?rest_route=\/wp\/v2\/posts\/1258","targetHints":{"allow":["GET"]}}],"collection":[{"href":"https:\/\/bagn.no\/index.php?rest_route=\/wp\/v2\/posts"}],"about":[{"href":"https:\/\/bagn.no\/index.php?rest_route=\/wp\/v2\/types\/post"}],"author":[{"embeddable":true,"href":"https:\/\/bagn.no\/index.php?rest_route=\/wp\/v2\/users\/3"}],"replies":[{"embeddable":true,"href":"https:\/\/bagn.no\/index.php?rest_route=%2Fwp%2Fv2%2Fcomments&post=1258"}],"version-history":[{"count":0,"href":"https:\/\/bagn.no\/index.php?rest_route=\/wp\/v2\/posts\/1258\/revisions"}],"wp:attachment":[{"href":"https:\/\/bagn.no\/index.php?rest_route=%2Fwp%2Fv2%2Fmedia&parent=1258"}],"wp:term":[{"taxonomy":"category","embeddable":true,"href":"https:\/\/bagn.no\/index.php?rest_route=%2Fwp%2Fv2%2Fcategories&post=1258"},{"taxonomy":"post_tag","embeddable":true,"href":"https:\/\/bagn.no\/index.php?rest_route=%2Fwp%2Fv2%2Ftags&post=1258"}],"curies":[{"name":"wp","href":"https:\/\/api.w.org\/{rel}","templated":true}]}}