{"id":11538,"date":"2012-09-02T21:49:54","date_gmt":"2012-09-02T20:49:54","guid":{"rendered":"http:\/\/www.bagn.no\/?p=11538"},"modified":"2012-09-02T21:49:54","modified_gmt":"2012-09-02T20:49:54","slug":"velkommen-til-jaktmesse-i-begnadalen-kirke-fredag-219-kl-1900","status":"publish","type":"post","link":"https:\/\/bagn.no\/?p=11538","title":{"rendered":"Velkommen til jaktmesse i Begnadalen kirke fredag 21\/9 kl. 1900"},"content":{"rendered":"<p>I \u00e5r, som i fjor \u00f8nsker vi \u00e5 starte jakta i kirken!<br \/>\nMed ei messe for elgjakt, for natur og milj\u00f8, for vennskap og for samhold. Jakta har lange og gode tradisjoner hos oss, og mange aktive jegere skal ut i\u00a0 skog og mark de p\u00e5f\u00f8lgende ukene.<\/p>\n<p>Jakt er helt n\u00f8dvendig forvaltning av ressursene i naturen og ei viktig side av husholdningen for mange i bygdene v\u00e5re.\u00a0 Bak vellykka jakt ligger b\u00e5de hardt arbeid og stort t\u00e5lmod. Og ikke minst stor respekt for naturen og rikdommen den gir oss.\u00a0 Noe av alt dette har vi lyst til \u00e5 sammenfatte i ei gudstjeneste, som ogs\u00e5 lar oss takke for naturrikdommen, be om godt v\u00e6r, og om varsomhet og klokskap i m\u00f8te med utfordringene og hverandre.\u00a0 Etter ei kort gudstjeneste vil vi ogs\u00e5 ha en forh\u00e5ndssmak av jegergryte, for \u00e5 skjerpe appetitten p\u00e5 delikatessene vi har i vente i h\u00f8st.<\/p>\n<p>Det er veldig bra om jegerne tar med seg v\u00e5penet sitt, (uten sluttstykke og ammunisjon), og setter dette i v\u00e5penhuset mens messa p\u00e5g\u00e5r. Der vil v\u00e5pna bli passa p\u00e5 av vakt.<\/p>\n<p>Det ville v\u00e6re veldig artig om jegere ogs\u00e5 \u00a0i \u00e5r kunne tenke seg \u00e5 innlede jaktida, ei eiga h\u00f8gtid p\u00e5 h\u00f8sten for mange, i kirken.\u00a0 I fjor var det 36 jegere som kom \u2013 vi lager mat til enda flere i \u00e5r, s\u00e5 velkomne skal dere v\u00e6re alle sammen!<\/p>\n<p>Hilsen fra Signe Kv\u00e5le, sokneprest \u00a0og Begnadalen menighetsr\u00e5d v\/Liv Barbro Veimodet<\/p>\n","protected":false},"excerpt":{"rendered":"<p>I \u00e5r, som i fjor \u00f8nsker vi \u00e5 starte jakta i kirken! Med ei messe for elgjakt, for natur og milj\u00f8, for vennskap og for samhold. Jakta har lange og gode tradisjoner hos oss, og mange aktive jegere skal ut i\u00a0 skog og mark de p\u00e5f\u00f8lgende ukene. Jakt er helt n\u00f8dvendig forvaltning av ressursene i [&hellip;]<\/p>\n","protected":false},"author":3,"featured_media":0,"comment_status":"open","ping_status":"closed","sticky":false,"template":"","format":"standard","meta":{"footnotes":""},"categories":[76],"tags":[],"class_list":["post-11538","post","type-post","status-publish","format-standard","hentry","category-kirke"],"_links":{"self":[{"href":"https:\/\/bagn.no\/index.php?rest_route=\/wp\/v2\/posts\/11538","targetHints":{"allow":["GET"]}}],"collection":[{"href":"https:\/\/bagn.no\/index.php?rest_route=\/wp\/v2\/posts"}],"about":[{"href":"https:\/\/bagn.no\/index.php?rest_route=\/wp\/v2\/types\/post"}],"author":[{"embeddable":true,"href":"https:\/\/bagn.no\/index.php?rest_route=\/wp\/v2\/users\/3"}],"replies":[{"embeddable":true,"href":"https:\/\/bagn.no\/index.php?rest_route=%2Fwp%2Fv2%2Fcomments&post=11538"}],"version-history":[{"count":0,"href":"https:\/\/bagn.no\/index.php?rest_route=\/wp\/v2\/posts\/11538\/revisions"}],"wp:attachment":[{"href":"https:\/\/bagn.no\/index.php?rest_route=%2Fwp%2Fv2%2Fmedia&parent=11538"}],"wp:term":[{"taxonomy":"category","embeddable":true,"href":"https:\/\/bagn.no\/index.php?rest_route=%2Fwp%2Fv2%2Fcategories&post=11538"},{"taxonomy":"post_tag","embeddable":true,"href":"https:\/\/bagn.no\/index.php?rest_route=%2Fwp%2Fv2%2Ftags&post=11538"}],"curies":[{"name":"wp","href":"https:\/\/api.w.org\/{rel}","templated":true}]}}