{"id":11361,"date":"2012-08-21T10:00:44","date_gmt":"2012-08-21T09:00:44","guid":{"rendered":"http:\/\/www.bagn.no\/?p=11361"},"modified":"2012-08-21T10:00:44","modified_gmt":"2012-08-21T09:00:44","slug":"bygdeutvikling","status":"publish","type":"post","link":"https:\/\/bagn.no\/?p=11361","title":{"rendered":"Bygdeutvikling &#8211; ny uke unnagjort"},"content":{"rendered":"<p>Da er en ny prosjektuke i gang. Noe tid g\u00e5r fortsatt med til \u00e5 etablere seg p\u00e5 kontoret i 2. etg p\u00e5 Valdrestunet, men jeg har heldigvis kommet i gang med en del andre gj\u00f8rem\u00e5l ogs\u00e5. Jeg har v\u00e6rt i m\u00f8te med Frisklivsgeneralen og folkehelsekoordinatoren, jeg har v\u00e6rt i m\u00f8te med saksbehandler i kommunen og ordf\u00f8rer, og jeg har begynt p\u00e5 arbeidet med \u00e5 f\u00e5 til avtaler med de 82 grunneierne som ber\u00f8res av sykkelstiprosjektet. Jeg har ogs\u00e5 syklet noen av stiene med hjelmkamera og GPS, slik at det kommer fram hvilke tiltak vi trenger \u00e5 gj\u00f8re for \u00e5 f\u00e5 til stier og hvilken konsekvens dette f\u00e5r for grunneier.<\/p>\n<p>Neste mandag skal vi ha et m\u00f8te med samarbeidspartnerne fra n\u00e6ringslivet slik at styringsgruppen for prosjektet kommer p\u00e5 plass. Det er f\u00f8rst n\u00e5r denne gruppen er p\u00e5 plass at prosjektet kan skyte fart. Det er ogs\u00e5 avtalt m\u00f8te med Valdres Natur og Kulturpark, og Valdres Destinasjon. M\u00e5let med dette m\u00f8tet er \u00e5 finne ut hvordan vi i st\u00f8rst mulig grad kan supplere hverandre og unng\u00e5 dobbeltarbeid.<\/p>\n<p>Jeg leser daglig forumssidene til Bagn.no. Et tema som kom opp i bygdeutviklingsdiskusjonen er badeplass i Bagn. I l\u00f8pet av denne uka vil jeg ta kontakt med grunneiere langs elva for \u00e5 se p\u00e5 mulighetene for en badeplass.<!--more--><\/p>\n<p>N\u00e5 er det prosjekts\u00f8knaden og styringsgruppen som kommer til \u00e5 bestemme hva jeg skal jobbe med, men det forundrer meg mye om det ikke kommer en del markedsf\u00f8ringsvideoer i l\u00f8pet av vinteren. Jeg har l\u00e5nt et hjelmkamera som jeg \u00f8ver meg p\u00e5 \u00e5 bruke. Jeg har blant annet brukt det p\u00e5 elvepadling, fl\u00e5tetur og terrengsykling. I dag har jeg avtalt med en jeger at han skal l\u00e5ne kameraet p\u00e5 jakt slik at vi f\u00e5r se litt fra jegernes liv ogs\u00e5. Dersom du driver med noe spennende som b\u00f8r opp og fram eller kan tjene som positiv markedsf\u00f8ring av Bagn s\u00e5 ta gjerne kontakt. Det er ingen tvil om at videogodbiter som for eksempel: <a href=\"http:\/\/www.youtube.com\/watch?v=RGF4bcubwng&amp;feature=em-share_video_user\">http:\/\/www.youtube.com\/watch?v=RGF4bcubwng&amp;feature=em-share_video_user<\/a> i mye st\u00f8rre grad kan trekkes fram og brukes bevisst i markedsf\u00f8ring av kommunen v\u00e5r.<\/p>\n<p>Jeg har ogs\u00e5 kommet litt i gang med en brosjyre for kulturhistorisk vandring i Bagn. Planen er \u00e5 lage slike brosjyrer for forskjellige turer du kan g\u00e5. Den f\u00f8rste turen b\u00f8r v\u00e6re klar i l\u00f8pet av september.<\/p>\n<p>Dersom du har ideer eller meninger om bygdeutvikling s\u00e5 kan du selvf\u00f8lgelig ta deg med meg direkte (jorn@bagn.no), men det er minst like bra om du skriver innlegg p\u00e5 <a href=\"http:\/\/www.bagn.no\/forum\" target=\"_blank\">fellesforumsidene til bygda<\/a> \u00a0Bygdeutvikling handler om det vi f\u00e5r til sammen, s\u00e5 det kan v\u00e6re like greit \u00e5 kj\u00f8re diskusjonene i offentlige fora, slik at alle kan forbedre gode ideer.<\/p>\n<p>Mvh<\/p>\n<p>J\u00f8rn, prosjektleder<\/p>\n","protected":false},"excerpt":{"rendered":"<p>Da er en ny prosjektuke i gang. Noe tid g\u00e5r fortsatt med til \u00e5 etablere seg p\u00e5 kontoret i 2. etg p\u00e5 Valdrestunet, men jeg har heldigvis kommet i gang med en del andre gj\u00f8rem\u00e5l ogs\u00e5. Jeg har v\u00e6rt i m\u00f8te med Frisklivsgeneralen og folkehelsekoordinatoren, jeg har v\u00e6rt i m\u00f8te med saksbehandler i kommunen og [&hellip;]<\/p>\n","protected":false},"author":4,"featured_media":0,"comment_status":"open","ping_status":"closed","sticky":false,"template":"","format":"standard","meta":{"footnotes":""},"categories":[71,82],"tags":[],"class_list":["post-11361","post","type-post","status-publish","format-standard","hentry","category-bygdeutviklingsprosjektet","category-lokale-nyheter"],"_links":{"self":[{"href":"https:\/\/bagn.no\/index.php?rest_route=\/wp\/v2\/posts\/11361","targetHints":{"allow":["GET"]}}],"collection":[{"href":"https:\/\/bagn.no\/index.php?rest_route=\/wp\/v2\/posts"}],"about":[{"href":"https:\/\/bagn.no\/index.php?rest_route=\/wp\/v2\/types\/post"}],"author":[{"embeddable":true,"href":"https:\/\/bagn.no\/index.php?rest_route=\/wp\/v2\/users\/4"}],"replies":[{"embeddable":true,"href":"https:\/\/bagn.no\/index.php?rest_route=%2Fwp%2Fv2%2Fcomments&post=11361"}],"version-history":[{"count":0,"href":"https:\/\/bagn.no\/index.php?rest_route=\/wp\/v2\/posts\/11361\/revisions"}],"wp:attachment":[{"href":"https:\/\/bagn.no\/index.php?rest_route=%2Fwp%2Fv2%2Fmedia&parent=11361"}],"wp:term":[{"taxonomy":"category","embeddable":true,"href":"https:\/\/bagn.no\/index.php?rest_route=%2Fwp%2Fv2%2Fcategories&post=11361"},{"taxonomy":"post_tag","embeddable":true,"href":"https:\/\/bagn.no\/index.php?rest_route=%2Fwp%2Fv2%2Ftags&post=11361"}],"curies":[{"name":"wp","href":"https:\/\/api.w.org\/{rel}","templated":true}]}}